{"id":12581,"date":"2025-01-16T23:34:43","date_gmt":"2025-01-16T22:34:43","guid":{"rendered":"https:\/\/dlangbasketball.ch\/camp-de-noel-de-lecole-de-basketball-nba-vevey\/"},"modified":"2025-07-14T21:48:05","modified_gmt":"2025-07-14T20:48:05","slug":"camp-de-noel-de-lecole-de-basketball-nba-vevey","status":"publish","type":"post","link":"https:\/\/dlangbasketball.ch\/fr\/camp-de-noel-de-lecole-de-basketball-nba-vevey\/","title":{"rendered":"Camp de No\u00ebl de l&rsquo;\u00e9cole de basketball NBA : Vevey"},"content":{"rendered":"<h4 class=\"cvGsUA direction-ltr align-justify para-style-body\"><span class=\"OYPEnA font-feature-liga-off font-feature-clig-off font-feature-calt-off text-decoration-none text-strikethrough-none\">C\u00e9l\u00e9brez les f\u00eates avec du basketball, du plaisir et des prix excitants !<\/span><\/h4>\n<p class=\"cvGsUA direction-ltr align-justify para-style-body\"><span class=\"OYPEnA font-feature-liga-off font-feature-clig-off font-feature-calt-off text-decoration-none text-strikethrough-none\">Ce d\u00e9cembre, pr\u00e9parez-vous \u00e0 vivre une exp\u00e9rience festive de basketball comme nulle autre ! Pour la premi\u00e8re fois, nous organisons nos Camps de Basketball de NO\u00cbL \u00e0 Vevey du 26 au 28 d\u00e9cembre, apportant l&rsquo;esprit des f\u00eates sur le terrain. Que vous soyez d\u00e9butant ou joueur exp\u00e9riment\u00e9, nos camps offrent quelque chose de sp\u00e9cial pour chacun.<\/span><\/p>\n<p class=\"cvGsUA direction-ltr align-justify para-style-body\"><span class=\"OYPEnA font-feature-liga-off font-feature-clig-off font-feature-calt-off text-decoration-none text-strikethrough-none\">Nos Camps de NO\u00cbL de l&rsquo;\u00c9cole de Basketball NBA proposent un programme unique con\u00e7u pour vous aider \u00e0 am\u00e9liorer vos comp\u00e9tences en basketball, tout en profitant du plaisir et de l&rsquo;excitation de la saison. Vous participerez \u00e0 des sessions d&rsquo;entra\u00eenement de haute qualit\u00e9 avec des coachs exp\u00e9riment\u00e9s, ainsi qu&rsquo;\u00e0 des activit\u00e9s sur le th\u00e8me des f\u00eates qui vous garderont engag\u00e9s et motiv\u00e9s.<\/span><\/p>\n<p class=\"cvGsUA direction-ltr align-justify para-style-body\"><span class=\"OYPEnA font-feature-liga-off font-feature-clig-off font-feature-calt-off text-decoration-none text-strikethrough-none\">En plus de l&rsquo;action intense de basketball, nous avons des prix excitants et des surprises qui vous attendent ! Des d\u00e9fis de comp\u00e9tences aux cadeaux festifs, c&rsquo;est une opportunit\u00e9 \u00e0 ne pas manquer. Le camp se d\u00e9roulera \u00e0 l&rsquo;\u00c9cole Bilingue Internationale Haut-Lac, offrant un lieu de premier ordre pour l&rsquo;entra\u00eenement et le plaisir. C&rsquo;est le cadre parfait pour perfectionner vos comp\u00e9tences tout en c\u00e9l\u00e9brant la joie de la saison.<\/span><\/p>\n<p class=\"cvGsUA direction-ltr align-justify para-style-body\"><span class=\"OYPEnA font-feature-liga-off font-feature-clig-off font-feature-calt-off text-decoration-none text-strikethrough-none\">\u00c2ges : 8-15 ans joueurs all-Star<\/span><\/p>\n<p class=\"cvGsUA direction-ltr align-justify para-style-body\"><span class=\"OYPEnA font-feature-liga-off font-feature-clig-off font-feature-calt-off text-decoration-none text-strikethrough-none\">Dates : 26 \u2013 28 d\u00e9cembre 2024<\/span><\/p>\n<p class=\"cvGsUA direction-ltr align-justify para-style-body\"><span class=\"OYPEnA font-feature-liga-off font-feature-clig-off font-feature-calt-off text-decoration-none text-strikethrough-none\">Lieu : \u00c9cole Bilingue Internationale Haut-Lac, Vevey<\/span><\/p>\n<p class=\"cvGsUA direction-ltr align-justify para-style-body\"><span class=\"OYPEnA font-feature-liga-off font-feature-clig-off font-feature-calt-off text-decoration-none text-strikethrough-none\">Les places sont limit\u00e9es, alors assurez-vous de r\u00e9server votre place d\u00e8s maintenant ! Inscrivez-vous via le lien dans la description de notre profil, et rejoignez-nous pour une exp\u00e9rience de vacances inoubliable sur et en dehors du terrain. Faisons de ces vacances d&rsquo;hiver un slam dunk !<\/span><\/p>\n<p class=\"cvGsUA direction-ltr align-justify para-style-body\"><span class=\"OYPEnA font-feature-liga-off font-feature-clig-off font-feature-calt-off text-decoration-none text-strikethrough-none\">Inscrivez-vous maintenant et faites partie de l&rsquo;action !<\/span><\/p>\n<p class=\"cvGsUA direction-ltr align-justify para-style-body\"><strong><span class=\"OYPEnA font-feature-liga-off font-feature-clig-off font-feature-calt-off text-decoration-none text-strikethrough-none\">La famille DLANG<br \/>\n<\/span><span class=\"OYPEnA font-feature-liga-off font-feature-clig-off font-feature-calt-off text-decoration-none text-strikethrough-none\">Jouez avec passion. Entra\u00eenez-vous avec d\u00e9termination. Gagnez avec int\u00e9grit\u00e9.<\/span><\/strong><\/p>\n<p class=\"cvGsUA direction-ltr align-justify para-style-body\">&nbsp;<\/p>\n","protected":false},"excerpt":{"rendered":"<p>C\u00e9l\u00e9brez les f\u00eates avec du basketball, du plaisir et des prix excitants ! Ce d\u00e9cembre, pr\u00e9parez-vous \u00e0 vivre une exp\u00e9rience festive de basketball comme nulle autre ! Pour la premi\u00e8re fois, nous organisons nos Camps de Basketball de NO\u00cbL \u00e0 Vevey du 26 au 28 d\u00e9cembre, apportant l&rsquo;esprit des f\u00eates sur le terrain. Que vous&#8230;<\/p>\n","protected":false},"author":3,"featured_media":5818,"comment_status":"open","ping_status":"open","sticky":false,"template":"","format":"standard","meta":{"ngg_post_thumbnail":0,"footnotes":""},"categories":[131,145,84],"tags":[],"class_list":["post-12581","post","type-post","status-publish","format-standard","has-post-thumbnail","hentry","category-camp-de-basketball","category-ecole-de-basket-nba","category-non-categorise","article-list-item","animate"],"_links":{"self":[{"href":"https:\/\/dlangbasketball.ch\/fr\/wp-json\/wp\/v2\/posts\/12581","targetHints":{"allow":["GET"]}}],"collection":[{"href":"https:\/\/dlangbasketball.ch\/fr\/wp-json\/wp\/v2\/posts"}],"about":[{"href":"https:\/\/dlangbasketball.ch\/fr\/wp-json\/wp\/v2\/types\/post"}],"author":[{"embeddable":true,"href":"https:\/\/dlangbasketball.ch\/fr\/wp-json\/wp\/v2\/users\/3"}],"replies":[{"embeddable":true,"href":"https:\/\/dlangbasketball.ch\/fr\/wp-json\/wp\/v2\/comments?post=12581"}],"version-history":[{"count":1,"href":"https:\/\/dlangbasketball.ch\/fr\/wp-json\/wp\/v2\/posts\/12581\/revisions"}],"predecessor-version":[{"id":13046,"href":"https:\/\/dlangbasketball.ch\/fr\/wp-json\/wp\/v2\/posts\/12581\/revisions\/13046"}],"wp:featuredmedia":[{"embeddable":true,"href":"https:\/\/dlangbasketball.ch\/fr\/wp-json\/wp\/v2\/media\/5818"}],"wp:attachment":[{"href":"https:\/\/dlangbasketball.ch\/fr\/wp-json\/wp\/v2\/media?parent=12581"}],"wp:term":[{"taxonomy":"category","embeddable":true,"href":"https:\/\/dlangbasketball.ch\/fr\/wp-json\/wp\/v2\/categories?post=12581"},{"taxonomy":"post_tag","embeddable":true,"href":"https:\/\/dlangbasketball.ch\/fr\/wp-json\/wp\/v2\/tags?post=12581"}],"curies":[{"name":"wp","href":"https:\/\/api.w.org\/{rel}","templated":true}]}}